{"id":666,"date":"2014-01-30T15:55:44","date_gmt":"2014-01-30T14:55:44","guid":{"rendered":"http:\/\/www.stefanopitrelli.com\/?p=666"},"modified":"2014-03-12T12:20:16","modified_gmt":"2014-03-12T11:20:16","slug":"vermeer-a-bologna-philippe-daverio-la-ragazza-con-lorecchino-di-perla-come-la-barbie-altro-che-gioconda","status":"publish","type":"post","link":"https:\/\/www.stefanopitrelli.com\/?p=666","title":{"rendered":"Vermeer a Bologna, Philippe Daverio: &#8220;La ragazza con l&#8217;orecchino di perla come la Barbie, altro che Gioconda&#8221;"},"content":{"rendered":"<h1><strong><span style=\"font-size: 16px; line-height: 1.5;\">Stefano Pitrelli, <a href=\"http:\/\/www.huffingtonpost.it\/2014\/01\/30\/vermeer-bologna-daverio-_n_4694857.html\" target=\"_blank\">L&#8217;Huffington Post<\/a><\/span><\/strong><\/h1>\n<div>\n<div><img decoding=\"async\" style=\"line-height: 1.5;\" alt=\"vermeer barba daverio\" src=\"http:\/\/i.huffpost.com\/gen\/1592686\/thumbs\/r-VERMEER-BARBA-DAVERIO-403xFBcredit.jpg\" \/><\/div>\n<div>\n<p>La \u201csuperstar\u201d del Vermeer sfogger\u00e0 per la prima volta in Italia il suo orecchino di perla l\u20198 febbraio, al Palazzo Fava di Bologna. L\u2019evento \u00e8 di grande richiamo,<a href=\"http:\/\/bologna.repubblica.it\/cronaca\/2014\/01\/25\/news\/la_ragazza_con_l_orecchino_di_perla_il_dipinto_arrivato_a_bologna-76891160\/\" target=\"_hplink\">\u00a0tanto che si parla gi\u00e0 di settantamila biglietti venduti<\/a>, e c\u2019\u00e8 chi in nome\u00a0<a href=\"http:\/\/it.wikipedia.org\/wiki\/La_ragazza_con_l'orecchino_di_perla_(film)\" target=\"_hplink\">del glamour hollywoodiano<\/a>\u00a0ipotizza perfino il\u00a0<a href=\"http:\/\/machiave.blogspot.it\/2014\/01\/vermeer-la-ragazza-con-lorecchino.html\" target=\"_hplink\">sorpasso della Monna Lisa<\/a>.<\/p>\n<p>Una festa per la cult<span style=\"line-height: 1.5;\">ura, quindi?\u00a0<\/span><a style=\"line-height: 1.5;\" href=\"https:\/\/www.youtube.com\/watch?v=IlKO2rtGJTU#t=59\" target=\"_hplink\">Non tutti ne sono cos\u00ec convinti\u00a0<\/a><span style=\"line-height: 1.5;\">. L\u2019Huffington Post lo chiede al critico\u00a0<\/span><a style=\"line-height: 1.5;\" href=\"https:\/\/twitter.com\/PhilippeDaverio\" target=\"_hplink\">Philippe Daverio, docente alla facolt\u00e0 di architettura di Palermo,<\/a><span style=\"line-height: 1.5;\">\u00a0al Politecnico e allo IULM di<\/span><span style=\"line-height: 1.5;\">Milano, e noto divulgatore e conduttore tv: \u201cEcco, se vuole illustrare la mia opinione su quest\u2019operazione, pubblichi questa foto\u201d.<\/span><\/p>\n<p><!--more--><img decoding=\"async\" id=\"img_caption_4694857\" style=\"line-height: 1.5;\" alt=\"vermeer bologna barbie daverio foto \" src=\"http:\/\/i.huffpost.com\/gen\/1592725\/thumbs\/n-DAVERIO-large570.jpg\" width=\"570\" \/><\/p>\n<p><strong>Una Barbie\u2026 Non le pare un po\u2019 eccessivo?<\/strong><br \/>\nOh, non direi proprio! Questa \u00e8 una mostra totalmente priva d\u2019interesse. Si raggiunge lo stesso risultato comprando una confezione di cioccolatini belgi. C\u2019\u00e8 gi\u00e0 la ragazza sulla scatola, si vede meglio il quadro, e in pi\u00f9 si possono mangiare i cioccolatini.<\/p>\n<p><strong>Ma non sar\u00e0 un vantaggio, per l\u2019amante dell\u2019arte, poter ammirare un\u2019opera come questa senza dover andare fino in Olanda?<\/strong><br \/>\nLo spostamento di icone riguarda fenomeni religiosi, non fenomeni di storia dell\u2019arte. E siccome non esiste ancora una religione vermeeriana, mi pare del tutto inutile. La cultura visiva \u00e8 un\u2019altra cosa: questa mostra rientra piuttosto nella tradizione popolare della donna cannone o della ragazza con la barba, invece che con l\u2019orecchino.<\/p>\n<p><strong>Ce lo dica, che cos\u2019ha contro Vermeer\u2026<\/strong><br \/>\nAh, ma Vermeer \u00e8 un grandissimo pittore, ci ho passato davanti delle ore. Il suo lavoro va osservato con attenzione andando al museo dell\u2019Aia, nel suo contesto. A quel punto entri nel suo mondo, dove, guarda un po\u2019, l\u2019orecchino in realt\u00e0 ce l\u2019hanno tutte! Entri in queste stanze dai pavimenti coperti da piastrelle in bianco e nero, che rappresentano la storia stessa delle Fiandre. Perch\u00e9 il nero \u00e8 il famoso marmo pregiato belga, e il bianco veniva da Carrara e glielo vendevano i lucchesi, che all\u2019epoca avevano un rapporto diretto con l\u2019Olanda. Poi ti sposti un po\u2019 e vedi anche altro, e allora capisci qualcosa e torni leggermente arricchito. Altrimenti, le giuro che la stessa opera si vede benissimo su Google Immagini. Molto meglio che osservarla dietro a un vetro, fra gli spintoni. Dal vivo vedrebbe forse di pi\u00f9? Cos\u00ec \u00e8 solo materiale che viaggia da un museo all\u2019altro, roba da trasportatori.<\/p>\n<p><strong>C\u2019\u00e8 sicuramente pi\u00f9 del lavoro dei trasportatori, dietro all\u2019organizzazione della mostra.\u00a0<\/strong><br \/>\nS\u00ec. Calcoli solo i valori assicurativi. Infatti questa mostra coster\u00e0 parecchio denaro. Dovranno guadagnarci su gli olandesi, l\u2019assicurazione, chi la organizza. Per\u00f2 non serve a niente. Il compito del denaro pubblico \u2014 e quello speso \u00e8 denaro pubblico, anche se in una veste particolare \u2014 \u00e8 di contribuire alla formazione e alla presa di coscienza dei cittadini.\u00a0<a href=\"http:\/\/it.wikipedia.org\/wiki\/Teatro_Massimo_Vittorio_Emanuele\" target=\"_hplink\">Come dice una bella scritta sul Teatro Massimo di Palermo<\/a>: \u201cL\u2019arte rinnova i popoli e ne rivela la vita. Vano delle scene il diletto ove non miri a preparar l\u2019avvenire\u201d. In quest\u2019ottica, la copertina di una scatola di cioccolatini certo non serve all\u2019acculturamento del pubblico. Per di pi\u00f9, in una citt\u00e0 come Bologna, dove uno dei musei pi\u00f9 importanti d\u2019Italia vive situazioni drammatiche di sopravvivenza, perch\u00e9 buttare soldi in operazioni come questa, e non su un lavoro serio sui beni culturali? Ancora un po\u2019 e le sovrintendenze saranno costrette a spegner le luci. Per non parlare dell\u2019Emilia, che esce da un terremoto: una parte delle opere d\u2019arte delle sue chiese sono ancora messe in rifugio, sono ancora in deposito. Questa \u00e8 solo una roba inutile. Imbarazzante.<\/p>\n<\/div>\n<\/div>\n","protected":false},"excerpt":{"rendered":"<p>Stefano Pitrelli, L&#8217;Huffington Post La \u201csuperstar\u201d del Vermeer sfogger\u00e0 per la prima volta in Italia il suo orecchino di perla l\u20198 febbraio, al Palazzo Fava di Bologna. L\u2019evento \u00e8 di grande richiamo,\u00a0tanto che si parla gi\u00e0 di settantamila biglietti venduti, e c\u2019\u00e8 chi in nome\u00a0del glamour hollywoodiano\u00a0ipotizza perfino il\u00a0sorpasso della Monna Lisa. Una festa per [&hellip;]<\/p>\n","protected":false},"author":2,"featured_media":0,"comment_status":"open","ping_status":"open","sticky":false,"template":"","format":"standard","meta":{"footnotes":""},"categories":[47],"tags":[52,11],"class_list":["post-666","post","type-post","status-publish","format-standard","hentry","category-lhuffington-post","tag-arte-cultura","tag-interviste"],"_links":{"self":[{"href":"https:\/\/www.stefanopitrelli.com\/index.php?rest_route=\/wp\/v2\/posts\/666","targetHints":{"allow":["GET"]}}],"collection":[{"href":"https:\/\/www.stefanopitrelli.com\/index.php?rest_route=\/wp\/v2\/posts"}],"about":[{"href":"https:\/\/www.stefanopitrelli.com\/index.php?rest_route=\/wp\/v2\/types\/post"}],"author":[{"embeddable":true,"href":"https:\/\/www.stefanopitrelli.com\/index.php?rest_route=\/wp\/v2\/users\/2"}],"replies":[{"embeddable":true,"href":"https:\/\/www.stefanopitrelli.com\/index.php?rest_route=%2Fwp%2Fv2%2Fcomments&post=666"}],"version-history":[{"count":3,"href":"https:\/\/www.stefanopitrelli.com\/index.php?rest_route=\/wp\/v2\/posts\/666\/revisions"}],"predecessor-version":[{"id":723,"href":"https:\/\/www.stefanopitrelli.com\/index.php?rest_route=\/wp\/v2\/posts\/666\/revisions\/723"}],"wp:attachment":[{"href":"https:\/\/www.stefanopitrelli.com\/index.php?rest_route=%2Fwp%2Fv2%2Fmedia&parent=666"}],"wp:term":[{"taxonomy":"category","embeddable":true,"href":"https:\/\/www.stefanopitrelli.com\/index.php?rest_route=%2Fwp%2Fv2%2Fcategories&post=666"},{"taxonomy":"post_tag","embeddable":true,"href":"https:\/\/www.stefanopitrelli.com\/index.php?rest_route=%2Fwp%2Fv2%2Ftags&post=666"}],"curies":[{"name":"wp","href":"https:\/\/api.w.org\/{rel}","templated":true}]}}