{"id":748,"date":"2012-09-26T12:00:29","date_gmt":"2012-09-26T10:00:29","guid":{"rendered":"http:\/\/www.stefanopitrelli.com\/?p=748"},"modified":"2014-04-03T14:33:40","modified_gmt":"2014-04-03T12:33:40","slug":"il-tabacco-ai-tempi-della-crisi","status":"publish","type":"post","link":"https:\/\/www.stefanopitrelli.com\/?p=748","title":{"rendered":"Il tabacco ai tempi della crisi"},"content":{"rendered":"<p><strong>Stefano Pitrelli, <a href=\"http:\/\/espresso.repubblica.it\/affari\/2012\/09\/26\/news\/il-tabacco-ai-tempi-della-crisi-1.46844\" target=\"_blank\">L&#8217;Espresso<\/a><\/strong><\/p>\n<p><img loading=\"lazy\" decoding=\"async\" itemprop=\"image\" style=\"line-height: 1.5;\" title=\"Il tabacco ai tempi della crisi\" alt=\"Il tabacco ai tempi della crisi\" src=\"http:\/\/espresso.repubblica.it\/polopoly_fs\/1.46842.1379602109!\/httpImage\/image.jpg_gen\/derivatives\/articolo_648\/image.jpg\" width=\"130\" height=\"130\" \/><\/p>\n<p><em>ANALISI \/ Pi\u00f9 la situazione \u00e8 difficile pi\u00f9 aumenta il consumo di sigarette.<\/em><\/p>\n<p><!--more-->La sigaretta fumata quando gli affari vanno male fa parte dei ricorsi storici. Lo nota Giacomo Mangiaracina, docente alla facolt\u00e0 di medicina e psicologia alla Sapienza di Roma, e direttore della rivista \u201cTabaccologia\u201d: \u00abIl tabacco si diffonde nei momenti di crisi, con le guerre, l\u2019angoscia e la povert\u00e0 estrema. Per aiutare a sognare, o per dimenticare. C\u2019\u00e8 una lunga storia alle spalle: le sigarette un tempo venivano distribuite come bene di conforto dalla Croce Rossa, insieme alle medicine. E dispensate dall\u2019esercito ai militari. Oggi nelle carceri fra i detenuti si raggiunge l\u2019ottanta, addirittura il novanta per cento dei fumatori, e il 70 per cento degli agenti di custodia. E\u2019 negli ambiti di sofferenza estrema che si diffonde maggiormente il consumo del tabacco\u00bb.<\/p>\n<p>Sofferenza che si ripercuote sul resto della societ\u00e0. A livello sanitario, e quindi anche a livello di spesa sanitaria. Lo testimonia Roberta Pacifici, direttore dell\u2019<a href=\"http:\/\/www.iss.it\/ofad\/index.php?lang=1\">Osservatorio fumo alcol e droga<\/a>\u00a0all\u2019Istituto Superiore di Sanit\u00e0. Qui ogni anno producono un\u00a0<a href=\"http:\/\/www.iss.it\/fumo\/index.php?lang=1\">rapporto<\/a>\u00a0che offre un quadro molto chiaro dell\u2019impatto del fumo sul nostro paese, l\u00ec dove salute e finanze pubbliche s\u2019incontrano. Secondo i loro calcoli pi\u00f9 recenti sul rapporto \u201ccosti-benefici\u201d del fumo per le casse dello Stato, la bilancia segna: 10,48 miliardi di euro che entrano in accise, e 7,5 che se ne vanno nei diversi costi dell\u2019ospedalizzazione, un dato solo in parte quantificabile. Con un guadagno netto di 2,98 miliardi, e una perdita di oltre 71 mila morti (dati 2010).<\/p>\n<p>\u00c8 anche vero, aggiunge la Pacifici, che \u00abnell\u2019ultimo anno ci sono due aspetti molto positivi: la diminuzione delle vendite del tabacco tradizionale, cio\u00e8 i classici pacchetti da venti, e in generale una diminuzione dei fumatori\u00bb. Solo quest\u2019anno, l\u2019indagine Doxa-Iss riporta un calo dell\u20191,9 per cento dei fumatori, pi\u00f9 per le donne che per gli uomini. Ma un picco in controtendenza c\u2019era stato a cavallo del 2008-2009, quasi un contraccolpo in corrispondenza dell\u2019inizio della crisi economica. E infatti lo studio mostra che con la crisi solo il 22 per cento degli italiani fuma di meno, con l\u20191,8 che invece fuma di pi\u00f9, e il 76,2 che continua ad accendersi le sigarette tanto quanto faceva prima.<\/p>\n<p>\u00abC\u2019\u00e8 per\u00f2 un incremento importante dei trinciati. Una porzione piccola, ma significativa, perch\u00e9 cresce oltre il 260 per cento\u00bb. Significa che il fumo economico attrae i pi\u00f9 giovani: \u00abI ragazzi si rollano le sigarette, come del resto vuole la moda. Tra un pacchetto da venti e il corrispettivo in trinciato c\u2019\u00e8 un risparmio di due euro e mezzo. Non c\u2019\u00e8 partita\u00bb. Dal 2009 al 2012, il salto delle sigarette fatte a mano \u00e8 notevole: dal 2,7 all?\u20ac\u02dc8,5 per cento. Oltretutto, prosegue la dottoressa, \u00ab\u00e8 ipotizzabile che anche la crisi incida sulla crescita del fumo giovanile. Dopotutto, un ragazzo che non trova lavoro finisce per avere fra le mani troppo tempo libero. Per fumare\u00bb.<\/p>\n<p>&nbsp;<\/p>\n<p>&nbsp;<\/p>\n<p>(<em>L\u2019Espresso, 26\/9\/2012<\/em>)<\/p>\n","protected":false},"excerpt":{"rendered":"<p>Stefano Pitrelli, L&#8217;Espresso ANALISI \/ Pi\u00f9 la situazione \u00e8 difficile pi\u00f9 aumenta il consumo di sigarette.<\/p>\n","protected":false},"author":2,"featured_media":0,"comment_status":"open","ping_status":"open","sticky":false,"template":"","format":"standard","meta":{"footnotes":""},"categories":[],"tags":[4,39,63,64],"class_list":["post-748","post","type-post","status-publish","format-standard","hentry","tag-economia","tag-lespresso","tag-salute","tag-tabacco"],"_links":{"self":[{"href":"https:\/\/www.stefanopitrelli.com\/index.php?rest_route=\/wp\/v2\/posts\/748","targetHints":{"allow":["GET"]}}],"collection":[{"href":"https:\/\/www.stefanopitrelli.com\/index.php?rest_route=\/wp\/v2\/posts"}],"about":[{"href":"https:\/\/www.stefanopitrelli.com\/index.php?rest_route=\/wp\/v2\/types\/post"}],"author":[{"embeddable":true,"href":"https:\/\/www.stefanopitrelli.com\/index.php?rest_route=\/wp\/v2\/users\/2"}],"replies":[{"embeddable":true,"href":"https:\/\/www.stefanopitrelli.com\/index.php?rest_route=%2Fwp%2Fv2%2Fcomments&post=748"}],"version-history":[{"count":1,"href":"https:\/\/www.stefanopitrelli.com\/index.php?rest_route=\/wp\/v2\/posts\/748\/revisions"}],"predecessor-version":[{"id":749,"href":"https:\/\/www.stefanopitrelli.com\/index.php?rest_route=\/wp\/v2\/posts\/748\/revisions\/749"}],"wp:attachment":[{"href":"https:\/\/www.stefanopitrelli.com\/index.php?rest_route=%2Fwp%2Fv2%2Fmedia&parent=748"}],"wp:term":[{"taxonomy":"category","embeddable":true,"href":"https:\/\/www.stefanopitrelli.com\/index.php?rest_route=%2Fwp%2Fv2%2Fcategories&post=748"},{"taxonomy":"post_tag","embeddable":true,"href":"https:\/\/www.stefanopitrelli.com\/index.php?rest_route=%2Fwp%2Fv2%2Ftags&post=748"}],"curies":[{"name":"wp","href":"https:\/\/api.w.org\/{rel}","templated":true}]}}