{"id":754,"date":"2014-03-13T21:46:24","date_gmt":"2014-03-13T20:46:24","guid":{"rendered":"http:\/\/www.stefanopitrelli.com\/?p=754"},"modified":"2014-03-13T21:47:00","modified_gmt":"2014-03-13T20:47:00","slug":"ferrari-in-spagna-nasce-il-parco-tematico-del-cavallino-rampante","status":"publish","type":"post","link":"https:\/\/www.stefanopitrelli.com\/?p=754","title":{"rendered":"Ferrari: in Spagna nasce il parco tematico del Cavallino rampante"},"content":{"rendered":"<p><strong>Stefano Pitrelli, <a href=\"http:\/\/www.huffingtonpost.it\/2014\/03\/13\/ferrari-parco-tematico_n_4959123.html?utm_hp_ref=italy\">L&#8217;Huffington Post<\/a><\/strong><\/p>\n<div>\n<div><img decoding=\"async\" id=\"img_caption_4959123\" alt=\"ferrari parco tematico\" src=\"http:\/\/i.huffpost.com\/gen\/1676788\/thumbs\/n-FERRARI-LAND-large570.jpg\" width=\"570\" \/><\/div>\n<div>\n<div id=\"float_tracker\" data-beacon=\"{&quot;p&quot;:{&quot;mnid&quot;:&quot;floating_share&quot;}}\">\n<div id=\"badges_v2_1\">\n<div id=\"floating_like\" data-href=\"http:\/\/www.huffingtonpost.it\/2014\/03\/13\/ferrari-parco-tematico_n_4959123.html\" data-send=\"false\" data-layout=\"box_count\" data-width=\"48\" data-show-faces=\"false\"><span style=\"line-height: 1.5;\">Non hanno posato neanche una pietra del primo parco a tema europeo del cavallino rampante (secondo nel mondo dopo Abu Dhabi), ma gi\u00e0 se ne annuncia la data di apertura: il 2016. La velocit\u00e0 con cui il progetto dovrebbe essere realizzato \u00e8 tipicamente Ferrari,\u00a0<\/span><a style=\"line-height: 1.5;\" href=\"http:\/\/www.gazzetta.it\/Formula-1\/13-03-2014\/ferrari-land-parco-spagna-portaventura-80224959301.shtml\" target=\"_hplink\">ma Ferrari Land<\/a><span style=\"line-height: 1.5;\">\u00a0non sar\u00e0 \u2014 neanche a questo giro \u2014 un progetto italiano.<\/span><\/div>\n<div data-href=\"http:\/\/www.huffingtonpost.it\/2014\/03\/13\/ferrari-parco-tematico_n_4959123.html\" data-send=\"false\" data-layout=\"box_count\" data-width=\"48\" data-show-faces=\"false\"><\/div>\n<div data-href=\"http:\/\/www.huffingtonpost.it\/2014\/03\/13\/ferrari-parco-tematico_n_4959123.html\" data-send=\"false\" data-layout=\"box_count\" data-width=\"48\" data-show-faces=\"false\"><!--more--><\/div>\n<div data-href=\"http:\/\/www.huffingtonpost.it\/2014\/03\/13\/ferrari-parco-tematico_n_4959123.html\" data-send=\"false\" data-layout=\"box_count\" data-width=\"48\" data-show-faces=\"false\"><a href=\"https:\/\/www.facebook.com\/gazzettadimodena?fref=ts\" target=\"_hplink\">Tanto che sulla pagina Facebook della Gazzetta<\/a>\u00a0di Modena giustamente si chiedono: \u201cA Dubai&#8230; in Spagna&#8230;. ma tra Modena e Maranello no?\u201d. Intanto i cento milioni tondi di euro d\u2019investimento complessivo ce li ha messi PortAventura Entertainment S.A.U., controllata dal 2009 del gruppo Investindustrial. Dall\u2019azienda preferiscono per\u00f2 non rispondere su quanto gli sia costata una licenza che \u2013 spiegano all\u2019Huffington Post \u2013 \u201ctanti al mondo bramano\u201d. Gli investitori spagnoli esporteranno quindi il marchio nostrano per ospitarlo su una superficie di 75 mila metri quadri all&#8217;interno del loro resort\/parco divertimenti vicino Barcellona.<\/div>\n<\/div>\n<\/div>\n<\/div>\n<\/div>\n<div>\n<div itemprop=\"articleBody\">\n<p>Certo, la velocit\u00e0 con cui lavora PortAventura potrebbe essere un fattore: \u201cAvendo un grande resort \u2014 il secondo in Europa, tengono a precisare dall\u2019azienda \u2014 abbiamo un nostro reparto per lo sviluppo, e un nostro reparto costruzioni, per cui tutti nostri progetti sono gestiti in house. \u00c8 per questo che siamo cos\u00ec veloci. Nel 2012, ad esempio, abbiamo costruito il pi\u00f9 grande roller coaster d\u2019Europa in soli nove mesi. Altrove, per lo stesso progetto ci avrebbero messo due anni\u201d.<\/p>\n<p>Nel comunicato stampa, Andrea Perrone, Ad di Ferrari Brand, tiene a sottolineare come Ferrari Land sar\u00e0 \u201cdedicato a tutta la famiglia e non solo agli appassionati di Formula Uno\u201d. Ma per poterti godere tutte le sue attrazioni, come quella che preannunciano essere \u201cl&#8217;acceleratore verticale pi\u00f9 alto e veloce Europa\u201d, converr\u00e0 metter da parte un po\u2019 di risparmi: l\u2019hotel al suo interno (il primo a tema Ferrari) sar\u00e0 un albergo di lusso, \u201ccon 250 stanze, ristoranti e simulatori di guida\u201d.<\/p>\n<\/div>\n<\/div>\n","protected":false},"excerpt":{"rendered":"<p>Stefano Pitrelli, L&#8217;Huffington Post Non hanno posato neanche una pietra del primo parco a tema europeo del cavallino rampante (secondo nel mondo dopo Abu Dhabi), ma gi\u00e0 se ne annuncia la data di apertura: il 2016. La velocit\u00e0 con cui il progetto dovrebbe essere realizzato \u00e8 tipicamente Ferrari,\u00a0ma Ferrari Land\u00a0non sar\u00e0 \u2014 neanche a questo [&hellip;]<\/p>\n","protected":false},"author":2,"featured_media":0,"comment_status":"open","ping_status":"open","sticky":false,"template":"","format":"standard","meta":{"footnotes":""},"categories":[47],"tags":[4,13,20],"class_list":["post-754","post","type-post","status-publish","format-standard","hentry","category-lhuffington-post","tag-economia","tag-motori","tag-societa"],"_links":{"self":[{"href":"https:\/\/www.stefanopitrelli.com\/index.php?rest_route=\/wp\/v2\/posts\/754","targetHints":{"allow":["GET"]}}],"collection":[{"href":"https:\/\/www.stefanopitrelli.com\/index.php?rest_route=\/wp\/v2\/posts"}],"about":[{"href":"https:\/\/www.stefanopitrelli.com\/index.php?rest_route=\/wp\/v2\/types\/post"}],"author":[{"embeddable":true,"href":"https:\/\/www.stefanopitrelli.com\/index.php?rest_route=\/wp\/v2\/users\/2"}],"replies":[{"embeddable":true,"href":"https:\/\/www.stefanopitrelli.com\/index.php?rest_route=%2Fwp%2Fv2%2Fcomments&post=754"}],"version-history":[{"count":2,"href":"https:\/\/www.stefanopitrelli.com\/index.php?rest_route=\/wp\/v2\/posts\/754\/revisions"}],"predecessor-version":[{"id":756,"href":"https:\/\/www.stefanopitrelli.com\/index.php?rest_route=\/wp\/v2\/posts\/754\/revisions\/756"}],"wp:attachment":[{"href":"https:\/\/www.stefanopitrelli.com\/index.php?rest_route=%2Fwp%2Fv2%2Fmedia&parent=754"}],"wp:term":[{"taxonomy":"category","embeddable":true,"href":"https:\/\/www.stefanopitrelli.com\/index.php?rest_route=%2Fwp%2Fv2%2Fcategories&post=754"},{"taxonomy":"post_tag","embeddable":true,"href":"https:\/\/www.stefanopitrelli.com\/index.php?rest_route=%2Fwp%2Fv2%2Ftags&post=754"}],"curies":[{"name":"wp","href":"https:\/\/api.w.org\/{rel}","templated":true}]}}