{"id":795,"date":"2003-06-03T12:04:10","date_gmt":"2003-06-03T10:04:10","guid":{"rendered":"http:\/\/www.stefanopitrelli.com\/?p=795"},"modified":"2014-04-05T13:08:08","modified_gmt":"2014-04-05T11:08:08","slug":"cosmopolis-il-mosaico-americano-di-don-delillo","status":"publish","type":"post","link":"https:\/\/www.stefanopitrelli.com\/?p=795","title":{"rendered":"Cosmopolis, il mosaico americano di Don DeLillo"},"content":{"rendered":"<p><strong>Stefano Pitrelli, Europa<\/strong><\/p>\n<p><em>INTERVISTA AL ROMANZIERE STATUNITENSE \/ L\u2019autore di Underworld \u00e8 in Italia per presentare il suo ultimo libro.<\/em><\/p>\n<p><!--more-->Don DeLillo, tra i pi\u00f9 grandi autori americani contemporanei, scarica tutte le colpe sui suoi personaggi. La \u201ccolpa\u201d in questione \u00e8 la sua lucida e impietosa analisi della societ\u00e0 americana, della quale ci fornisce &#8211; romanzo per romanzo, come fossero tanti tasselli di un mosaico &#8211; un sempre pi\u00f9 complesso ritratto. DeLillo \u201csi limita\u201d a costruirne il palcoscenico: \u00abProgetto un\u2019architettura pi\u00f9 di quanto io non elabori una filosofia\u00bb &#8211; dichiara in un\u2019intervista rilasciata a Europa in occasione della presentazione del suo ultimo romanzo, Cosmopolis, edito da Einaudi &#8211; e poi lascia semplicemente che i personaggi si muovano in essa. Come Eric Packer, protagonista di Cosmopolis, un giovane miliardario in giro per le strade di New York come un Ulisse postmoderno.<\/p>\n<p>\u00abNon sono mai troppo sicuro di come il romanzo prender\u00e0 forma\u00bb, dichiara DeLillo, che si mette a scrivere senza prefiggersi di trattare \u00abun particolare aspetto della cultura\u00bb. Ma poi \u00absemplicemente succede qualcosa che inonda il romanzo con un senso della cultura intorno ad esso\u00bb (il riferimento \u00e8 in particolare al monumentale affresco di Underworld, sempre edito da Einaudi). Alla fine, osserva, sono \u00abgli stessi personaggi a creare quel mondo\u00bb. Personaggi che lui \u00abnon giudica\u00bb, e di cui non condivide necessariamente il punto di vista.<br \/>\nCome Vija Kinski in Cosmopolis, perch\u00e9 l\u2019importante, per DeLillo \u00e8 soltanto che quel punto di vista sia \u00abcoerente con il personaggio e con il romanzo\u00bb, che il personaggio sia vero, insomma. Quello di Kinski \u00e8 un caso specifico in cui \u00e8 il personaggio a guidare l\u2019autore \u00aball\u2019interno di certi aspetti della cultura che ci circonda\u00bb.<br \/>\nParticolarmente vivo nell\u2019opera di DeLillo \u00e8 sempre il tema dell\u2019influenza dei media sulla societ\u00e0 americana, basti prendere quella scena, in Underworld in cui il marito costringe la moglie a guardare l\u2019ennesima replica filmata di un omicidio in diretta, del famigerato Texas Highway Killer: \u00abLo trasmettono perch\u00e9 devono, perch\u00e9 sono l\u00ec proprio per questo, per fornirci i nostri diversivi\u00bb. O, come in Cosmopolis, la ripetizione delle immagini della morte di Arthur Rapp sugli schermi della tecnologica limousine del protagonista: \u00abSapeva che avrebbero continuato a trasmetterlo fino a tarda notte, la nostra notte, fino a esaurirne l\u2019impatto emotivo o finch\u00e9 tutto il mondo non l\u2019avesse visto\u00bb. Senza parlare di Valparaiso, l\u2019opera teatrale che vede la vita di due coniugi \u201csminuzzata\u201d da microfoni e telecamere di intervista in intervista. \u00abQuesto \u00e8 il modo in cui viviamo &#8211; ci spiega &#8211; siamo circondati da queste immagini per tutto il tempo. E\u2019 qualcosa che personalmente non potrei ignorare\u00bb.<br \/>\nDon DeLillo ci tiene a precisare di non sentirsi un \u00abcritico dei media\u00bb, perch\u00e9 il suo obiettivo resta quello di \u201cleggere\u201d ci\u00f2 che esiste. Ma l\u2019assenza di pregiudizi negativi nei confronti degli stessi media non fa che rendere pi\u00f9 tagliente lo sguardo di chi, come lui, \u00abcerca di dissezionare tutto ci\u00f2 che riguarda la cultura\u00bb. Il suo lavoro, infatti, \u00e8 alla ricerca di qualcosa di pi\u00f9 profondo di una critica ai mezzi di informazione, e la stessa cultura \u00ab\u00e8 un qualcosa di molto pi\u00f9 profondo di quanto appaia al cinema\u00bb.<br \/>\nUna cultura, quella americana, che c\u2019\u00e8 anche chi interpreta in quanto potere, bench\u00e9 potere dolce: il cosiddetto \u201csoft power\u201d.<br \/>\nCome a dire la somma di tutti quegli aspetti della cultura americana che sono in grado di influenzare altri popoli e culture.<br \/>\n\u00abCredo che una parte della cultura americana entri in ogni stanza, in ogni casa, in ogni vita, e che questo causi una grande quantit\u00e0 di rabbia e frustrazione nel resto del mondo\u00bb. \u00abPenso che sia un fattore molto potente\u00bb, osserva, \u00abma mi chiedo se le altre nazioni stiano facendo abbastanza per fermare quest\u2019influenza. O se dovrebbero \u00bb.<br \/>\nLa questione della cultura e della nazionalit\u00e0 trova nella sua biografia una chiave interessante di lettura. Don DeLillo nasce nel Bronx nel \u201836, da una famiglia di origine italiana. E in un quartiere composto perlopi\u00f9 da italiani. A chi lo critica per aver rigettato le sue origini, l\u2019autore ricorda di aver scritto dei racconti sulla sua infanzia nel quartiere italiano, \u00abma all\u2019epoca non ero ancora un bravo scrittore\u00bb. E lo studio, racconta, lo ha portato ad aprirsi, a voler abbracciare una cultura pi\u00f9 vasta. Come scrittore americano, e non solo italo-americano.<br \/>\nLasciandosi dietro \u201cl\u2019etichetta\u201d di etnicit\u00e0, osserva DeLillo, un autore pu\u00f2 esplorare qualunque aspetto della cultura lui scelga, senza rispettare le restrizioni imposte da qualcun altro.<br \/>\nTantomeno quelle rappresentate dal pubblico: \u00abNon ho in mente una persona particolare per la quale potrei scrivere\u00bb.<br \/>\nDeLillo ha invece ben chiara l\u2019idea dell\u2019importanza del \u00ablinguaggio stesso, questo \u00e8 ci\u00f2 cui presto attenzione: le parole\u00bb. Questo viene per primo, \u00abpoi viene lo sviluppo dei personaggi e lo svolgersi degli eventi\u00bb. Quelli di finzione, e quelli storici: \u00abNon credo di voler spiegare la storia\u00bb conclude \u00abma cerco di inserire i miei racconti in essa\u00bb.<\/p>\n","protected":false},"excerpt":{"rendered":"<p>Stefano Pitrelli, Europa INTERVISTA AL ROMANZIERE STATUNITENSE \/ L\u2019autore di Underworld \u00e8 in Italia per presentare il suo ultimo libro.<\/p>\n","protected":false},"author":2,"featured_media":0,"comment_status":"open","ping_status":"open","sticky":false,"template":"","format":"standard","meta":{"footnotes":""},"categories":[],"tags":[52,68,38,11,69],"class_list":["post-795","post","type-post","status-publish","format-standard","hentry","tag-arte-cultura","tag-editoria","tag-europa","tag-interviste","tag-letteratura"],"_links":{"self":[{"href":"https:\/\/www.stefanopitrelli.com\/index.php?rest_route=\/wp\/v2\/posts\/795","targetHints":{"allow":["GET"]}}],"collection":[{"href":"https:\/\/www.stefanopitrelli.com\/index.php?rest_route=\/wp\/v2\/posts"}],"about":[{"href":"https:\/\/www.stefanopitrelli.com\/index.php?rest_route=\/wp\/v2\/types\/post"}],"author":[{"embeddable":true,"href":"https:\/\/www.stefanopitrelli.com\/index.php?rest_route=\/wp\/v2\/users\/2"}],"replies":[{"embeddable":true,"href":"https:\/\/www.stefanopitrelli.com\/index.php?rest_route=%2Fwp%2Fv2%2Fcomments&post=795"}],"version-history":[{"count":1,"href":"https:\/\/www.stefanopitrelli.com\/index.php?rest_route=\/wp\/v2\/posts\/795\/revisions"}],"predecessor-version":[{"id":796,"href":"https:\/\/www.stefanopitrelli.com\/index.php?rest_route=\/wp\/v2\/posts\/795\/revisions\/796"}],"wp:attachment":[{"href":"https:\/\/www.stefanopitrelli.com\/index.php?rest_route=%2Fwp%2Fv2%2Fmedia&parent=795"}],"wp:term":[{"taxonomy":"category","embeddable":true,"href":"https:\/\/www.stefanopitrelli.com\/index.php?rest_route=%2Fwp%2Fv2%2Fcategories&post=795"},{"taxonomy":"post_tag","embeddable":true,"href":"https:\/\/www.stefanopitrelli.com\/index.php?rest_route=%2Fwp%2Fv2%2Ftags&post=795"}],"curies":[{"name":"wp","href":"https:\/\/api.w.org\/{rel}","templated":true}]}}