{"id":804,"date":"2014-04-19T17:52:47","date_gmt":"2014-04-19T15:52:47","guid":{"rendered":"http:\/\/www.stefanopitrelli.com\/?p=804"},"modified":"2014-04-19T17:54:45","modified_gmt":"2014-04-19T15:54:45","slug":"jonny-dandrea-eroe-di-guerra-giura-fedelta-a-berlusconi-punta-sul-fascino-della-divisa-ma-viola-il-codice-militare","status":"publish","type":"post","link":"https:\/\/www.stefanopitrelli.com\/?p=804","title":{"rendered":"Jonny D&#8217;Andrea, eroe di guerra giura fedelt\u00e0 a Berlusconi. Punta sul fascino della divisa, ma viola il codice militare"},"content":{"rendered":"<p><strong>Stefano Pitrelli, <a href=\"http:\/\/www.huffingtonpost.it\/2014\/04\/19\/jonny-dandrea-eroe-di-guerra-giura-fedelta-a-berlusconi_n_5177958.html?utm_hp_ref=italy\" target=\"_blank\">L&#8217;Huffington Post<\/a><\/strong><\/p>\n<p><img decoding=\"async\" id=\"img_caption_5177958\" class=\"pinit\" style=\"color: #000000;\" src=\"http:\/\/i.huffpost.com\/gen\/1748108\/thumbs\/n-JONNY-DANDREA-large570.jpg\" alt=\"Jonny D'Andrea\" width=\"570\" \/>Di fronte agli anziani di Cesano Boscone Silvio Berlusconi potr\u00e0 &#8220;appuntarsi al petto&#8221; una medaglia d&#8217;oro, seppur presa in prestito. Quella di Jonny D\u2019Andrea, un eroe di guerra italiano che al\u00a0<a style=\"color: #058b7b;\" href=\"http:\/\/www.corriere.it\/\" target=\"_hplink\">Corriere della Sera<\/a>\u00a0dichiara di giurargli personalmente fedelt\u00e0 \u201cnello stesso modo\u201d in cui ha giurato fedelt\u00e0 alla Repubblica italiana. E lo fa con ancora indosso una divisa che per legge avrebbe gi\u00e0 dovuto svestire.<\/p>\n<p><!--more-->Lo scorso gennaio il caporal maggiore D&#8217;Andrea era in piedi in divisa davanti al sottosegretario alla Difesa Gioacchino Alfano per ricevere un&#8217;altissima onorificenza, del genere che difficilmente si ha la possibilit\u00e0 d&#8217;indossare da vivi:\u00a0<a style=\"color: #058b7b;\" href=\"http:\/\/www.quirinale.it\/elementi\/DettaglioOnorificenze.aspx?decorato=328467\" target=\"_hplink\">la medaglia d&#8217;oro di vittima del terrorismo<\/a>.<\/p>\n<p style=\"color: #333333;\">Nell&#8217;agosto del 2011 infatti, il paracadutista Jonny si trovava in Afghanistan, nel distretto di Bala Baluk, e durante un\u2019imboscata dei talebani aveva rischiato la propria vita per portare in salvo due commilitoni gravemente feriti,\u00a0<a style=\"color: #058b7b;\" href=\"http:\/\/ilcentro.gelocal.it\/regione\/2014\/01\/31\/news\/medaglia-d-oro-al-paracadutista-jonny-rischio-la-vita-in-afghanistan-per-2-commilitoni-1.8580672\" target=\"_hplink\">attirando su di s\u00e9 il fuoco nemico<\/a>.<\/p>\n<p style=\"color: #333333;\">Solo pochi giorni fa invece, il candidato alle europee Jonny D&#8217;Andrea era in piedi a farsi fotografare \u2014 sempre in divisa \u2014 insieme al coordinatore abruzzese berlusconiano Nazario Pagano, con una bandiera di Forza Italia che sventolava alle loro spalle, e quella medaglia d&#8217;oro che spiccava su tutto il resto.<\/p>\n<p style=\"color: #333333;\">\u201c\u00c8 la vera novit\u00e0 di questa campagna elettorale \u2013\u00a0<a style=\"color: #058b7b;\" href=\"http:\/\/www.abruzzo24ore.tv\/news\/Elezioni-europee-per-Forza-Italia-candidato-l-abruzzese-Jonny-D-Andrea\/137681.htm\" target=\"_hplink\">l\u2019ha definito Pagano<\/a>\u00a0\u2014 la cui scelta \u00e8 nata dopo una telefonata avuta con Silvio Berlusconi, che per le elezioni europee mi ha chiesto una candidatura \u2018speciale\u2019 dal territorio\u201d. All\u2019undicesimo posto dopo Raffaele Fitto,\u00a0<a style=\"color: #058b7b;\" href=\"http:\/\/www.forzaitalia.it\/notizie\/10737\/elezioni-europee-2014-circoscrizione-meridionale\" target=\"_hplink\">capolista forzista per la circoscrizione meridionale<\/a>, e\u00a0<a style=\"color: #058b7b;\" href=\"http:\/\/www.huffingtonpost.it\/2014\/04\/18\/clemente-mastella-candidato-europee-forza-italia_n_5171779.html?utm_hp_ref=italy\" target=\"_hplink\">Clemente Mastella<\/a>.<\/p>\n<p style=\"color: #333333;\">Le fotografie in questione sarebbero rimaste private, se non fossero state orgogliosamente twittate dallo stesso Pagano.<\/p>\n<p style=\"color: #333333;\">Peccato che\u00a0<a style=\"color: #058b7b;\" href=\"http:\/\/www.normattiva.it\/atto\/caricaDettaglioAtto?atto.dataPubblicazioneGazzetta=2010-05-08&amp;atto.codiceRedazionale=010G0089&amp;currentPage=1\" target=\"_hplink\">il codice dell&#8217;ordinamento militare<\/a>\u00a0in proposito parli chiaro: un militare che legittimamente decida di fare politica, la divisa dev&#8217;essersela gi\u00e0 tolta e lasciata in armadio, come del resto un magistrato con la sua toga, che \u00e8 allo stesso modo simbolo del servizio svolto per lo Stato.<\/p>\n<blockquote style=\"color: #222222;\"><p><strong>Art. 1483\u00a0<\/strong><strong>Esercizio delle libert\u00e0 in ambito politico\u00a0<\/strong><\/p>\n<p>1. Le Forze armate devono in ogni circostanza mantenersi al di fuori dalle competizioni politiche.<\/p>\n<p>2. Ai militari di cui all&#8217;articolo 1350 [che al punto C include coloro che \u201cindossano l\u2019uniforme\u201d, ndr] \u00e8 fatto divieto di partecipare a riunioni e manifestazioni di partiti, associazioni, anche sindacali, e organizzazioni politiche, nonch\u00e9 di svolgere propaganda a favore o contro partiti, associazioni, sindacati, organizzazioni politiche o candidati a elezioni politiche e amministrative.<\/p><\/blockquote>\n<p style=\"color: #333333;\">\u201cQuesto riconoscimento mi onora\u201d, commentava D\u2019Andrea il giorno in cui ha ricevuto quella medaglia, \u201csoprattutto perch\u00e9 sono ancora qui pronto a servire il mio Paese\u201d. E pi\u00f9 precisamente, come riporta oggi il Corriere: \u201cNello stesso modo in cui ho giurato fedelt\u00e0 alla Repubblica italiana io adesso giuro fedelt\u00e0 a Forza Italia e al presidente Silvio Berlusconi\u201d.<\/p>\n<p style=\"color: #333333;\">Di fronte al caso D\u2019Andrea Luca Marco Comellini,\u00a0<a style=\"color: #058b7b;\" href=\"http:\/\/www.partitodirittimilitari.org\/\" target=\"_hplink\">segretario del Partito per la tutela dei diritti dei militari<\/a>, denuncia: \u201cQuest\u2019uomo va destituito. Altro che servire il suo Paese. Cos\u00ec pi\u00f9 che altro si mette al servizio della partitocrazia, fregandosene di regole e norme che ha giurato di rispettare. E in pi\u00f9 mette un\u2019onorificenza che a tanti \u00e8 costata la vita al servizio di un simbolo politico su cui campeggia il nome di un condannato. Al quale giura addirittura fedelt\u00e0. Tutto ci\u00f2 non pu\u00f2 che avere una sola conseguenza \u2014 chiede il segretario del PdM \u2014 la revoca della medaglia che gli \u00e8 stata concessa e il suo allontanamento dalle Forze Armate\u201d.<\/p>\n<p style=\"color: #333333;\">D\u2019Andrea non \u00e8 il solo militare a tentare \u2014 o ritentare \u2014 la strada della politica in vista delle europee.\u00a0<a style=\"color: #058b7b;\" href=\"https:\/\/www.facebook.com\/pages\/Alessandro-Casertano\/519279461501889\" target=\"_hplink\">Come Alessandro Casertano per l\u2019Italia dei Valori<\/a>,\u00a0<a style=\"color: #058b7b;\" href=\"http:\/\/www.lapadania.net\/articoli\/tutti_i_candidati_della_lega_nelle_cinque_circoscrizioni14049.php\" target=\"_hplink\">Luca Papini per la Lega Nord<\/a>\u00a0e\u00a0<a style=\"color: #058b7b;\" href=\"https:\/\/www.facebook.com\/sandro.pappalardo.77\" target=\"_hplink\">Sandro Pappalardo per Fratelli d\u2019Italia<\/a>, senza dimenticare l\u2019attuale sottosegretario alla Difesa,\u00a0<a style=\"color: #058b7b;\" href=\"http:\/\/www.domenicorossi.org\/news\/81-europee-rossi-pi-mia-candidatura-al-servizio-dei-popolari-per-l-italia\" target=\"_hplink\">generale Domenico Rossi dei Popolari per l\u2019Italia<\/a>.<\/p>\n<p style=\"color: #333333;\">\u201cPurtroppo \u2014 argomenta Comellini \u2014 ci sono altri militari che, pur non sfoggiando divise e medaglie, mettono ancora una volta il loro incarico di rappresentanti dei militari al servizio di questo o quel partito, violando quindi le regole e i principi di estraneit\u00e0 delle forze armate alle competizioni politiche. Per i militari ci sono delle limitazioni, e fin tanto che esistono vanno rispettate. Invito il ministro della Difesa a trarne le conseguenze\u201d.<\/p>\n","protected":false},"excerpt":{"rendered":"<p>Stefano Pitrelli, L&#8217;Huffington Post Di fronte agli anziani di Cesano Boscone Silvio Berlusconi potr\u00e0 &#8220;appuntarsi al petto&#8221; una medaglia d&#8217;oro, seppur presa in prestito. Quella di Jonny D\u2019Andrea, un eroe di guerra italiano che al\u00a0Corriere della Sera\u00a0dichiara di giurargli personalmente fedelt\u00e0 \u201cnello stesso modo\u201d in cui ha giurato fedelt\u00e0 alla Repubblica italiana. E lo fa [&hellip;]<\/p>\n","protected":false},"author":2,"featured_media":0,"comment_status":"open","ping_status":"open","sticky":false,"template":"","format":"standard","meta":{"footnotes":""},"categories":[47],"tags":[33,50],"class_list":["post-804","post","type-post","status-publish","format-standard","hentry","category-lhuffington-post","tag-cittadini-in-divisa","tag-politica"],"_links":{"self":[{"href":"https:\/\/www.stefanopitrelli.com\/index.php?rest_route=\/wp\/v2\/posts\/804","targetHints":{"allow":["GET"]}}],"collection":[{"href":"https:\/\/www.stefanopitrelli.com\/index.php?rest_route=\/wp\/v2\/posts"}],"about":[{"href":"https:\/\/www.stefanopitrelli.com\/index.php?rest_route=\/wp\/v2\/types\/post"}],"author":[{"embeddable":true,"href":"https:\/\/www.stefanopitrelli.com\/index.php?rest_route=\/wp\/v2\/users\/2"}],"replies":[{"embeddable":true,"href":"https:\/\/www.stefanopitrelli.com\/index.php?rest_route=%2Fwp%2Fv2%2Fcomments&post=804"}],"version-history":[{"count":5,"href":"https:\/\/www.stefanopitrelli.com\/index.php?rest_route=\/wp\/v2\/posts\/804\/revisions"}],"predecessor-version":[{"id":809,"href":"https:\/\/www.stefanopitrelli.com\/index.php?rest_route=\/wp\/v2\/posts\/804\/revisions\/809"}],"wp:attachment":[{"href":"https:\/\/www.stefanopitrelli.com\/index.php?rest_route=%2Fwp%2Fv2%2Fmedia&parent=804"}],"wp:term":[{"taxonomy":"category","embeddable":true,"href":"https:\/\/www.stefanopitrelli.com\/index.php?rest_route=%2Fwp%2Fv2%2Fcategories&post=804"},{"taxonomy":"post_tag","embeddable":true,"href":"https:\/\/www.stefanopitrelli.com\/index.php?rest_route=%2Fwp%2Fv2%2Ftags&post=804"}],"curies":[{"name":"wp","href":"https:\/\/api.w.org\/{rel}","templated":true}]}}