{"id":868,"date":"2014-10-19T12:00:29","date_gmt":"2014-10-19T10:00:29","guid":{"rendered":"http:\/\/www.stefanopitrelli.com\/?p=868"},"modified":"2015-10-12T16:58:42","modified_gmt":"2015-10-12T14:58:42","slug":"elicotteri-allamianto-la-difesa-alla-fine-ammette-i-modelli-ab212-sono-inquinati-e-lamianto-va-rimosso-documento","status":"publish","type":"post","link":"https:\/\/www.stefanopitrelli.com\/?p=868","title":{"rendered":"Elicotteri all&#8217;amianto, la Difesa alla fine ammette: i modelli AB212 sono inquinati, e l&#8217;amianto va rimosso (DOCUMENTO)"},"content":{"rendered":"<p><strong>Stefano Pitrelli, <a href=\"http:\/\/www.huffingtonpost.it\/2014\/10\/17\/elicotteri-amianto-difesa-ammette_n_6003148.html?utm_hp_ref=italy\">L&#8217;Huffington Post<\/a><\/strong><br \/>\n<img decoding=\"async\" src=\"http:\/\/i.huffpost.com\/gen\/2180222\/images\/n-AB212-large570.jpg\" alt=\"AB212\" data-img-path=\"http:\/\/i.huffpost.com\/gen\/2180222\/images\/n-AB212-large570.jpg\" \/><\/p>\n<p>Il Ministero della Difesa lo ammette: a bordo dei nostri\u00a0<a href=\"http:\/\/it.wikipedia.org\/wiki\/Bell_212\" target=\"_hplink\">elicotteri AB212<\/a>, cos\u00ec come\u00a0<a href=\"http:\/\/www.huffingtonpost.it\/2013\/12\/09\/elicotteri-allamianto-ministero-della-difesa-_n_4412938.html\" target=\"_hplink\">quelli della Polizia di Stato<\/a>, l\u2019amianto non solo c\u2019\u00e8 ma \u00e8 pericoloso. E va perci\u00f2 accuratamente rimosso pezzo per pezzo, con tutte le dovute cautele\u00a0<a href=\"http:\/\/www.huffingtonpost.it\/2014\/03\/08\/amianto-elicotteri-cocer-marina-confermano-rischio_n_4925848.html?utm_hp_ref=italy\" target=\"_hplink\">per la salute degli equipaggi<\/a>. Che significa tute, maschere, filtri, guanti, e buste sigillate. Questi gli \u201cordini\u201d finalmente impartiti al personale delle forze armate e di polizia dalla Direzione degli Armamenti Aeronautici, a cavallo fra aprile e luglio scorso. E pubblicati oggi in esclusiva dall\u2019Huffington Post.<\/p>\n<p><!--more--><\/p>\n<p>Si chiama PTA, cio\u00e8 prescrizione tecnica applicativa, e in pratica \u00e8 il manuale d\u2019istruzioni che ogni elicotterista deve seguire per metter mano al suo veicolo in tutta sicurezza. Manuale nel quale solo adesso la Difesa si decide a imporre i cosiddetti \u201cdispositivi di protezione individuale\u201d a chi dovr\u00e0 smontare le parti in amianto:\u00a0<a href=\"http:\/\/it.wikipedia.org\/wiki\/Tyvek\" target=\"_hplink\">tute in tyvek<\/a>, mascherine (i cosiddetti facciali filtranti FF3 3M), guanti in nitrile e aspiratori con filtri ad\u00a0<a href=\"http:\/\/it.wikipedia.org\/wiki\/Filtro_HEPA\" target=\"_hplink\">alta efficienza HEPA<\/a>. Nonch\u00e9 buste di polietilene per riporre le guarnizioni rimosse e gli indumenti monouso di protezione.<\/p>\n<p>(LINK ARTICOLO DI CONTORNO).<\/p>\n<p>Il servizio completo, insomma, affinch\u00e9 nel corso della sostituzione delle guarnizioni \u201cpotenzialmente contenenti fibre di amianto\u201d (da effettuare, avvertono, \u201cin assenza di altro personale nell\u2019area di lavoro\u201d) si eviti la \u201cformazione di polveri\u201d. Del resto lo si ricorda in grassetto alla fine del documento: \u201c<strong>La manipolazione di materiale potenzialmente contenente amianto presenta delle fasi di rischio<\/strong>\u201d.<\/p>\n<p>Ora. Fino ad aprile, di analoghi, lodevoli inviti alla cautela non ce n\u2019era traccia. Tanto che in pi\u00f9 puntate di questa lunga inchiesta targata HuffPost si era riportato come negli hangar delle Forze Armate succedeva che meccanici e piloti d\u2019elicotteri non fossero dotati degli strumenti di protezione necessari alla\u00a0<a href=\"http:\/\/www.huffingtonpost.it\/2014\/03\/08\/amianto-elicotteri-cocer-marina-confermano-rischio_n_4925848.html?utm_hp_ref=italy\" target=\"_hplink\">manipolazione della componentistica \u201cincriminata\u201d<\/a>, n\u00e9 (almeno fino a una comunicazione solo del novembre scorso) messi a conoscenza della presenza stessa della sostanza nociva.<\/p>\n<p><strong>(Continua a leggere dopo la gallery)<\/strong><\/p>\n<div data-slideshow-id=\"375904\" data-beacon=\"{&quot;p&quot;:{&quot;slideshow_id&quot;:&quot;375904&quot;}}\">\n<div>\n<p>Close<\/p>\n<div class=\"auxiliary\">\n<div>\n<div>L\u2019amianto a bordo degli AB212<\/div>\n<div>1\u00a0di\u00a09<\/div>\n<\/div>\n<div>\n<div>\n<div><img decoding=\"async\" src=\"http:\/\/i.huffpost.com\/gadgets\/slideshows\/375904\/slide_375904_4400552_compressed.jpg\" alt=\"\" \/><\/div>\n<\/div>\n<\/div>\n<\/div>\n<\/div>\n<\/div>\n<p>Quest\u2019inedita ma ammirevole consapevolezza del rischio amianto a bordo dei propri elicotteri s\u2019affaccia dunque alle porte dell\u2019ufficio della Direzione Nazionale degli Armamenti circa un anno dopo\u00a0<a href=\"http:\/\/www.huffingtonpost.it\/2013\/08\/07\/elicotteri-forze-armate-amianto-caretggio-difesa-agustawestland-_n_3718073.html\" target=\"_hplink\">la nostra pubblicazione dell\u2019ormai noto carteggio con l\u2019AgustaWestland<\/a>. Cio\u00e8 l\u2019acceso scambio epistolare fra dicastero e azienda che ha dimostrato come i funzionari di Via XX Settembre fossero stati debitamente informati di tutto ci\u00f2 che c\u2019era da sapere sugli elicotteri inquinati \u2014 che non si limitano certo al solo modello AB212 \u2014 gi\u00e0 dal remoto 1996. E tuttavia la prima azione concreta a tutela della salute dei militari e degli agenti di polizia coinvolti fa capolino su un documento ufficiale come questo solo adesso. Cio\u00e8 con diciotto anni di ritardo.<\/p>\n<p>Un anno \u00e8 passato pure dalla divulgazione della notizia \u2014 per la prima volta su queste pagine \u2014 delle\u00a0<a href=\"http:\/\/www.huffingtonpost.it\/2013\/08\/07\/amianto-elicotteri-guarin_n_3720331.html\" target=\"_hplink\">indagini avviate dal Pm torinese Raffaele Guariniello<\/a>. E Luca Marco Comellini, segretario del\u00a0<a href=\"http:\/\/www.partitodirittimilitari.org\/\" target=\"_hplink\">Partito per la Tutela dei Diritti dei Militari<\/a>, intervistato rileva un nesso causa-effetto fra le due cose: \u201cMi pare chiaro che siano state le indagini di Guariniello a costringere i vertici militari a fornire al personale le corrette informazioni sulla presenza dell\u2019amianto a bordo dei velivoli, sui possibili rischi, e sui dispositivi di protezione individuale da usare nelle lavorazioni. Nel frattempo per\u00f2, del personale civile e militare che lavora e ha lavorato su questi elicotteri inquinati, mi risulta che nessuno sia mai stato sottoposto a una visita medica\u201d.<\/p>\n<p><strong>DOCUMENTO ESCLUSIVO<\/strong><\/p>\n<p><center><\/center>***<\/p>\n<blockquote><p><strong>Qui di seguito, tutte le puntate precedenti dell\u2019inchiesta, dalla prima alla pi\u00f9 recente.<\/strong><\/p>\n<p><a href=\"http:\/\/www.huffingtonpost.it\/2013\/08\/07\/elicotteri-forze-armate-amianto-caretggio-difesa-agustawestland-_n_3718073.html\" target=\"_hplink\">7 Agosto 2013 \/ Elicotteri delle forze armate pieni di amianto: il carteggio tra la Difesa e AgustaWestland (DOCUMENTO ESCLUSIVO)<\/a><\/p>\n<p><a href=\"http:\/\/www.huffingtonpost.it\/2013\/08\/07\/amianto-elicotteri-forze-armate-m5s-interrogazione_n_3720185.html\" target=\"_hplink\">7 Agosto 2013 \/ Amianto negli elicotteri delle forze armate, M5s annuncia interrogazione parlamentare per il ministro Mauro<\/a><\/p>\n<p><a href=\"http:\/\/www.huffingtonpost.it\/2013\/08\/07\/amianto-elicotteri-guarin_n_3720331.html\" target=\"_hplink\">7 Agosto 2013 \/ Amianto negli elicotteri delle forze armate, il pm Raffaele Guariniello: &#8220;Stiamo indagando da un anno\u201d<\/a><\/p>\n<p><a href=\"http:\/\/www.huffingtonpost.it\/2013\/08\/08\/elicotteri-amianto-ministro-mauro_n_3724198.html\" target=\"_hplink\">8 Agosto 2013 \/ Amianto negli elicotteri delle forze armate, il ministro Mario Mauro: &#8220;Faremo fronte a eventuali rischi\u201d<\/a><\/p>\n<p><a href=\"http:\/\/www.huffingtonpost.it\/2013\/08\/08\/elicotteri-amianto-10-domande-interrogazione-m5s_n_3727217.html\" target=\"_hplink\">8 Agosto 2013 \/ Elicotteri all&#8217;amianto: 10 domande a cinque stelle<\/a><\/p>\n<p><a href=\"http:\/\/www.huffingtonpost.it\/2013\/08\/16\/elicotteri-amianto-sindacati-silp-coisp-siap_n_3765915.html\" target=\"_hplink\">16 Agosto 2013 \/ Elicotteri all&#8217;amianto, forte la preoccupazione dei sindacati: &#8220;Adiremo a tutte le vie legali possibili\u201d<\/a><\/p>\n<p><a href=\"http:\/\/www.huffingtonpost.it\/2013\/08\/21\/elicotteri-amianto-ministero-difesa-indagine-_n_3789869.html\" target=\"_hplink\">21 Agosto 2013 \/ Elicotteri all&#8217;amianto, il Ministero della Difesa verso un&#8217;indagine interna<\/a><\/p>\n<p><a href=\"http:\/\/www.huffingtonpost.it\/2013\/09\/20\/amianto-elicotteri-forze-armate-mauro_n_3960630.html\" target=\"_hplink\">20 Settembre 2013 \/ Amianto negli elicotteri delle forze armate, Mario Mauro ammette: &#8220;Impossibile rimozione integrale\u201d<\/a><\/p>\n<p><a href=\"http:\/\/www.huffingtonpost.it\/2013\/11\/16\/amianto-elicotteri-ministro_n_4287620.html\" target=\"_hplink\">16 Novembre 2013 \/ Amianto negli elicotteri, la Difesa ancora non sa il livello di contaminazione dei mezzi<\/a><\/p>\n<p><a href=\"http:\/\/www.huffingtonpost.it\/2013\/11\/20\/aminato-elicotteri-comisssione-inchiesta_n_4307446.html\" target=\"_hplink\">21 Novembre 2013 \/ Amianto negli elicotteri, il Capo di Stato Maggiore dell&#8217;Aeronautica istituisce una commissione di inchiesta<\/a><\/p>\n<p><a href=\"http:\/\/www.huffingtonpost.it\/2013\/11\/20\/amianto-elicotteristi-cambiavano-pezzi-mani-nude_n_4307361.html\" target=\"_hplink\">23 Novembre 2013 \/ Amianto, &#8220;Gli elicotteristi cambiavano i pezzi a mani nude&#8221;: Le testimonianze raccolte dal Cocer dell\u2019Aeronautica<\/a><\/p>\n<p><a href=\"http:\/\/www.huffingtonpost.it\/2013\/11\/23\/13-cose-su-elicotteri-allamianto-faq_n_4329162.html\" target=\"_hplink\">23 Novembre 2013 \/ 13 cose sugli elicotteri all&#8217;amianto e sul carteggio fra il Ministero della Difesa e l&#8217;azienda AgustaWestland &#8211; FAQ<\/a><\/p>\n<p><a href=\"http:\/\/www.huffingtonpost.it\/2013\/12\/09\/elicotteri-allamianto-ministero-della-difesa-_n_4412938.html\" target=\"_hplink\">9 Dicembre 2013 \/ Elicotteri all\u2019amianto: il Ministero della Difesa smentisce l\u2019Interno. La Polizia vola su mezzi \u201cinquinati\u201d AgustaWestland<\/a><\/p>\n<p><a href=\"http:\/\/www.huffingtonpost.it\/2013\/12\/20\/amianto-elicotteri-inail-_n_4479649.html\" target=\"_hplink\">10 dicembre 2013 \/ L&#8217;Inail conferma. Interrogazione del movimento 5 Stelle<\/a><\/p>\n<p><a href=\"http:\/\/www.huffingtonpost.it\/2014\/02\/20\/amianto-elicotteri-agusta-westland-dirigenti_n_4822743.html\" target=\"_hplink\">20 febbraio 2014 \/ Amianto negli elicotteri delle Forze Armate, indagati 12 dirigenti di AgustaWestland<\/a><\/p>\n<p><a href=\"http:\/\/www.huffingtonpost.it\/2014\/03\/08\/amianto-elicotteri-cocer-marina-confermano-rischio_n_4925848.html?utm_hp_ref=italy\" target=\"_hplink\">8 marzo 2014 \/ Amianto negli elicotteri, i Cocer della Marina Militare confermano il rischio per i piloti degli velivoli inquinati<\/a><\/p><\/blockquote>\n<div data-slideshow-id=\"311943\" data-beacon=\"{&quot;p&quot;:{&quot;slideshow_id&quot;:&quot;311943&quot;}}\">\n<div>\n<p>Close<\/p>\n<div class=\"auxiliary\">\n<div>\n<div>Gli elicotteri all&#8217;amianto<\/div>\n<div>1\u00a0di\u00a09<\/div>\n<\/div>\n<div>\n<div>\n<div><img decoding=\"async\" src=\"http:\/\/i.huffpost.com\/gadgets\/slideshows\/311943\/slide_311943_2778525_free.jpg\" alt=\"\" \/><\/div>\n<\/div>\n<\/div>\n<\/div>\n<\/div>\n<\/div>\n<p>&nbsp;<\/p>\n<p>&nbsp;<\/p>\n","protected":false},"excerpt":{"rendered":"<p>Stefano Pitrelli, L&#8217;Huffington Post Il Ministero della Difesa lo ammette: a bordo dei nostri\u00a0elicotteri AB212, cos\u00ec come\u00a0quelli della Polizia di Stato, l\u2019amianto non solo c\u2019\u00e8 ma \u00e8 pericoloso. E va perci\u00f2 accuratamente rimosso pezzo per pezzo, con tutte le dovute cautele\u00a0per la salute degli equipaggi. Che significa tute, maschere, filtri, guanti, e buste sigillate. Questi [&hellip;]<\/p>\n","protected":false},"author":2,"featured_media":0,"comment_status":"open","ping_status":"open","sticky":false,"template":"","format":"standard","meta":{"footnotes":""},"categories":[47],"tags":[66,33],"class_list":["post-868","post","type-post","status-publish","format-standard","hentry","category-lhuffington-post","tag-amianto","tag-cittadini-in-divisa"],"_links":{"self":[{"href":"https:\/\/www.stefanopitrelli.com\/index.php?rest_route=\/wp\/v2\/posts\/868","targetHints":{"allow":["GET"]}}],"collection":[{"href":"https:\/\/www.stefanopitrelli.com\/index.php?rest_route=\/wp\/v2\/posts"}],"about":[{"href":"https:\/\/www.stefanopitrelli.com\/index.php?rest_route=\/wp\/v2\/types\/post"}],"author":[{"embeddable":true,"href":"https:\/\/www.stefanopitrelli.com\/index.php?rest_route=\/wp\/v2\/users\/2"}],"replies":[{"embeddable":true,"href":"https:\/\/www.stefanopitrelli.com\/index.php?rest_route=%2Fwp%2Fv2%2Fcomments&post=868"}],"version-history":[{"count":2,"href":"https:\/\/www.stefanopitrelli.com\/index.php?rest_route=\/wp\/v2\/posts\/868\/revisions"}],"predecessor-version":[{"id":872,"href":"https:\/\/www.stefanopitrelli.com\/index.php?rest_route=\/wp\/v2\/posts\/868\/revisions\/872"}],"wp:attachment":[{"href":"https:\/\/www.stefanopitrelli.com\/index.php?rest_route=%2Fwp%2Fv2%2Fmedia&parent=868"}],"wp:term":[{"taxonomy":"category","embeddable":true,"href":"https:\/\/www.stefanopitrelli.com\/index.php?rest_route=%2Fwp%2Fv2%2Fcategories&post=868"},{"taxonomy":"post_tag","embeddable":true,"href":"https:\/\/www.stefanopitrelli.com\/index.php?rest_route=%2Fwp%2Fv2%2Ftags&post=868"}],"curies":[{"name":"wp","href":"https:\/\/api.w.org\/{rel}","templated":true}]}}